{"id":96,"date":"2024-06-19T11:06:31","date_gmt":"2024-06-19T11:06:31","guid":{"rendered":"https:\/\/blog.reservoirimmo.fr\/?p=96"},"modified":"2024-06-19T11:06:31","modified_gmt":"2024-06-19T11:06:31","slug":"vente-de-votre-residence-principale-apres-votre-demenagement-gare-a-limposition-de-la-plus-value","status":"publish","type":"post","link":"https:\/\/blog.reservoirimmo.fr\/index.php\/2024\/06\/19\/vente-de-votre-residence-principale-apres-votre-demenagement-gare-a-limposition-de-la-plus-value\/","title":{"rendered":"Vente de votre r\u00e9sidence principale apr\u00e8s votre d\u00e9m\u00e9nagement,  gare \u00e0 l&rsquo;imposition de la plus-value !"},"content":{"rendered":"\n<p>Si vous avez occup\u00e9 votre maison ou appartement en r\u00e9sidence principale jusqu&rsquo;\u00e0 sa mise en vente mais que votre bien se trouve vacant \u00e0 la date de la vente, l&rsquo;exon\u00e9ration s&rsquo;applique si la cession intervient dans les d\u00e9lais normaux de vente et sous r\u00e9serve que le logement n&rsquo;ait pas, pendant cette p\u00e9riode, \u00e9t\u00e9 donn\u00e9 en location ou occup\u00e9 gratuitement par des membres de la famille du propri\u00e9taire ou des tiers.<br>Dans un contexte \u00e9conomique normal, l&rsquo;administration consid\u00e8re comme normal un d\u00e9lai d&rsquo;un an. Ceci ne signifie pas qu&rsquo;elle trouve n\u00e9cessairement anormal un d\u00e9lai sup\u00e9rieur \u00e0 un an.<br>L&rsquo;appr\u00e9ciation de l&rsquo;administration se r\u00e9alise au vu de l&rsquo;ensemble des circonstances de l&rsquo;op\u00e9ration, et notamment des conditions locales du march\u00e9 immobilier, des caract\u00e9ristiques particuli\u00e8res du bien c\u00e9d\u00e9 et si on peut prouver avoir mis en vente ce bien dans un d\u00e9lai raisonnable.<\/p>\n\n\n\n<p>La signature d&rsquo;un mandat de vente dans un d\u00e9lai raisonnable apr\u00e8s votre d\u00e9m\u00e9nagement sera suceptible de constituer un argument majeur vis \u00e0 vis de l&rsquo;administration fiscale pour prot\u00e9ger votre droit \u00e0 exon\u00e9ration d&rsquo;imposition de votre plus-value \ud83d\udc4d<\/p>\n","protected":false},"excerpt":{"rendered":"<p>Si vous avez occup\u00e9 votre maison ou appartement en r\u00e9sidence principale jusqu&rsquo;\u00e0 sa mise en vente mais que votre bien se trouve vacant \u00e0 la date de la vente, l&rsquo;exon\u00e9ration s&rsquo;applique si la cession intervient dans les d\u00e9lais normaux de vente et sous r\u00e9serve que le logement n&rsquo;ait pas, pendant cette p\u00e9riode, \u00e9t\u00e9 donn\u00e9 en [&hellip;]<\/p>\n","protected":false},"author":1,"featured_media":0,"comment_status":"closed","ping_status":"","sticky":false,"template":"","format":"standard","meta":{"footnotes":""},"categories":[1],"tags":[],"class_list":["post-96","post","type-post","status-publish","format-standard","hentry","category-actualite"],"_links":{"self":[{"href":"https:\/\/blog.reservoirimmo.fr\/index.php\/wp-json\/wp\/v2\/posts\/96","targetHints":{"allow":["GET"]}}],"collection":[{"href":"https:\/\/blog.reservoirimmo.fr\/index.php\/wp-json\/wp\/v2\/posts"}],"about":[{"href":"https:\/\/blog.reservoirimmo.fr\/index.php\/wp-json\/wp\/v2\/types\/post"}],"author":[{"embeddable":true,"href":"https:\/\/blog.reservoirimmo.fr\/index.php\/wp-json\/wp\/v2\/users\/1"}],"replies":[{"embeddable":true,"href":"https:\/\/blog.reservoirimmo.fr\/index.php\/wp-json\/wp\/v2\/comments?post=96"}],"version-history":[{"count":1,"href":"https:\/\/blog.reservoirimmo.fr\/index.php\/wp-json\/wp\/v2\/posts\/96\/revisions"}],"predecessor-version":[{"id":97,"href":"https:\/\/blog.reservoirimmo.fr\/index.php\/wp-json\/wp\/v2\/posts\/96\/revisions\/97"}],"wp:attachment":[{"href":"https:\/\/blog.reservoirimmo.fr\/index.php\/wp-json\/wp\/v2\/media?parent=96"}],"wp:term":[{"taxonomy":"category","embeddable":true,"href":"https:\/\/blog.reservoirimmo.fr\/index.php\/wp-json\/wp\/v2\/categories?post=96"},{"taxonomy":"post_tag","embeddable":true,"href":"https:\/\/blog.reservoirimmo.fr\/index.php\/wp-json\/wp\/v2\/tags?post=96"}],"curies":[{"name":"wp","href":"https:\/\/api.w.org\/{rel}","templated":true}]}}