{"id":90,"date":"2024-05-18T09:38:11","date_gmt":"2024-05-18T09:38:11","guid":{"rendered":"https:\/\/blog.reservoirimmo.fr\/?p=90"},"modified":"2024-05-18T09:38:11","modified_gmt":"2024-05-18T09:38:11","slug":"ouverture-illegale-de-mur-porteur-dans-une-copropriete-comment-regulariser","status":"publish","type":"post","link":"https:\/\/blog.reservoirimmo.fr\/index.php\/2024\/05\/18\/ouverture-illegale-de-mur-porteur-dans-une-copropriete-comment-regulariser\/","title":{"rendered":"Ouverture ill\u00e9gale de mur porteur dans une copropri\u00e9t\u00e9, comment r\u00e9gulariser ?"},"content":{"rendered":"\n<p><\/p>\n\n\n\n<p>Les d\u00e9marches \u00e0 r\u00e9aliser\u00a0:<\/p>\n\n\n\n<p>Le copropri\u00e9taire de cet appartement doit missionner un architecte qui s&rsquo;assurera que l&rsquo;ouverture du mur porteur n&rsquo;a eu et n\u2019aura aucun impact sur la structure du b\u00e2timent.<\/p>\n\n\n\n<p>Une fois cette d\u00e9marche effectu\u00e9e et le document du professionnel validant cela obtenu, le vendeur adressera ce document au syndic de la copropri\u00e9t\u00e9, ce document sera accompagn\u00e9 d&rsquo;une demande de r\u00e9union d&rsquo;une assembl\u00e9e g\u00e9n\u00e9rale de copropri\u00e9t\u00e9 pour information officielle de cet \u00e9tat de fait avec une demande de validation par les copropri\u00e9taires. Il s&rsquo;agit d&rsquo;une proc\u00e9dure qui a lieu r\u00e9guli\u00e8rement, il concerne habituellement des copropri\u00e9taires qui ont ouvert leur cuisine ferm\u00e9e sur le s\u00e9jour en abattant le mur porteur sans avoir demand\u00e9 pr\u00e9alablement l&rsquo;indispensable autorisation.\u00a0<\/p>\n\n\n\n<p>Dans la majorit\u00e9 des cas, l&rsquo;assembl\u00e9e g\u00e9n\u00e9rale valide \u00e0 posteriori cette ouverture pour peu, bien entendu, que le professionnel du b\u00e2timent ayant accompli sa mission ait bien valid\u00e9 l&rsquo;absence de tout dommage possible pour l&rsquo;immeuble. <\/p>\n\n\n\n<p>Dans le cas h\u00e9las d\u2019une copropri\u00e9t\u00e9 qui ne validerait pas cette ouverture malgr\u00e9 l&rsquo;absence de dommages possibles, le vendeur devra h\u00e9las faire proc\u00e9der aux travaux de remise du mur dans son \u00e9tat initial. <\/p>\n","protected":false},"excerpt":{"rendered":"<p>Les d\u00e9marches \u00e0 r\u00e9aliser\u00a0: Le copropri\u00e9taire de cet appartement doit missionner un architecte qui s&rsquo;assurera que l&rsquo;ouverture du mur porteur n&rsquo;a eu et n\u2019aura aucun impact sur la structure du b\u00e2timent. Une fois cette d\u00e9marche effectu\u00e9e et le document du professionnel validant cela obtenu, le vendeur adressera ce document au syndic de la copropri\u00e9t\u00e9, ce [&hellip;]<\/p>\n","protected":false},"author":1,"featured_media":0,"comment_status":"closed","ping_status":"","sticky":false,"template":"","format":"standard","meta":{"footnotes":""},"categories":[1],"tags":[],"class_list":["post-90","post","type-post","status-publish","format-standard","hentry","category-actualite"],"_links":{"self":[{"href":"https:\/\/blog.reservoirimmo.fr\/index.php\/wp-json\/wp\/v2\/posts\/90","targetHints":{"allow":["GET"]}}],"collection":[{"href":"https:\/\/blog.reservoirimmo.fr\/index.php\/wp-json\/wp\/v2\/posts"}],"about":[{"href":"https:\/\/blog.reservoirimmo.fr\/index.php\/wp-json\/wp\/v2\/types\/post"}],"author":[{"embeddable":true,"href":"https:\/\/blog.reservoirimmo.fr\/index.php\/wp-json\/wp\/v2\/users\/1"}],"replies":[{"embeddable":true,"href":"https:\/\/blog.reservoirimmo.fr\/index.php\/wp-json\/wp\/v2\/comments?post=90"}],"version-history":[{"count":1,"href":"https:\/\/blog.reservoirimmo.fr\/index.php\/wp-json\/wp\/v2\/posts\/90\/revisions"}],"predecessor-version":[{"id":91,"href":"https:\/\/blog.reservoirimmo.fr\/index.php\/wp-json\/wp\/v2\/posts\/90\/revisions\/91"}],"wp:attachment":[{"href":"https:\/\/blog.reservoirimmo.fr\/index.php\/wp-json\/wp\/v2\/media?parent=90"}],"wp:term":[{"taxonomy":"category","embeddable":true,"href":"https:\/\/blog.reservoirimmo.fr\/index.php\/wp-json\/wp\/v2\/categories?post=90"},{"taxonomy":"post_tag","embeddable":true,"href":"https:\/\/blog.reservoirimmo.fr\/index.php\/wp-json\/wp\/v2\/tags?post=90"}],"curies":[{"name":"wp","href":"https:\/\/api.w.org\/{rel}","templated":true}]}}