{"id":76,"date":"2024-02-17T11:34:09","date_gmt":"2024-02-17T11:34:09","guid":{"rendered":"https:\/\/blog.reservoirimmo.fr\/?p=76"},"modified":"2024-02-17T11:56:38","modified_gmt":"2024-02-17T11:56:38","slug":"une-excellente-nouvelle-pour-le-marche-de-limmobilier","status":"publish","type":"post","link":"https:\/\/blog.reservoirimmo.fr\/index.php\/2024\/02\/17\/une-excellente-nouvelle-pour-le-marche-de-limmobilier\/","title":{"rendered":"Une excellente nouvelle pour le march\u00e9 de l&rsquo;immobilier&#8230;"},"content":{"rendered":"\n<p>LE GOUVERNEUR DE LA BANQUE DE FRANCE ESTIME QUE \u00ab\u00a0LE PRINCIPE DE BAISSE DES TAUX CETTE ANN\u00c9E PARA\u00ceT ACQUIS\u00a0\u00bb<\/p>\n\n\n\n<p>Francois Villeroy de Galhau identifie trois degr\u00e9s de libert\u00e9 pour la BCE: le calendrier de la premi\u00e8re baisse de taux, le rythme de l&rsquo;assouplissement et le niveau jusqu&rsquo;auquel (les) taux d&rsquo;int\u00e9r\u00eat baisseront.<\/p>\n\n\n\n<p>Il existe plusieurs raisons pour lesquelles la Banque centrale europ\u00e9enne (BCE) ne devrait pas attendre trop longtemps avant de d\u00e9cider d&rsquo;une premi\u00e8re baisse des taux d&rsquo;int\u00e9r\u00eat cette ann\u00e9e, a d\u00e9clar\u00e9 vendredi Fran\u00e7ois Villeroy de Galhau, membre du conseil des gouverneurs de la BCE.<\/p>\n\n\n\n<blockquote class=\"wp-block-quote is-layout-flow wp-block-quote-is-layout-flow\">\n<p>\u00ab\u00a0Il ne s&rsquo;agit pas de se pr\u00e9cipiter; mais agir avec gradualisme et pragmatisme peut \u00eatre pr\u00e9f\u00e9rable \u00e0 d\u00e9cider trop tardivement et devoir ensuite surajuster\u00a0\u00bb, a d\u00e9clar\u00e9 le gouverneur de la Banque de France (BdF) au journal belge&nbsp;<a href=\"https:\/\/www.lecho.be\/les-marches\/actu\/general\/francois-villeroy-de-galhau-la-derniere-ligne-droite-de-la-desinflation-n-est-pas-la-plus-difficile\/10525925.html\" target=\"_blank\" rel=\"noreferrer noopener\">L&rsquo;Echo<\/a>.<\/p>\n<cite><a href=\"https:\/\/www.bfmtv.com\/economie\/economie-social\/le-gouverneur-de-la-banque-de-france-estime-que-le-principe-de-baisse-des-taux-cette-annee-parait-acquis_AV-202402160083.html?fbclid=IwAR0cLo9qNBcQgx-EjD4DLqnczVvVNatxazNHgTDphQgyDZD7osurCespYbQ\" target=\"_blank\" rel=\"noreferrer noopener\">https:\/\/www.bfmtv.com\/economie\/economie-social\/le-gouverneur-de-la-banque-de-france-estime-que-le-principe-de-baisse-des-taux-cette-annee-parait-acquis_AV-202402160083.html?fbclid=IwAR0cLo9qNBcQgx-EjD4DLqnczVvVNatxazNHgTDphQgyDZD7osurCespYbQ<\/a><\/cite><\/blockquote>\n","protected":false},"excerpt":{"rendered":"<p>LE GOUVERNEUR DE LA BANQUE DE FRANCE ESTIME QUE \u00ab\u00a0LE PRINCIPE DE BAISSE DES TAUX CETTE ANN\u00c9E PARA\u00ceT ACQUIS\u00a0\u00bb Francois Villeroy de Galhau identifie trois degr\u00e9s de libert\u00e9 pour la BCE: le calendrier de la premi\u00e8re baisse de taux, le rythme de l&rsquo;assouplissement et le niveau jusqu&rsquo;auquel (les) taux d&rsquo;int\u00e9r\u00eat baisseront. Il existe plusieurs raisons [&hellip;]<\/p>\n","protected":false},"author":1,"featured_media":0,"comment_status":"closed","ping_status":"","sticky":false,"template":"","format":"standard","meta":{"footnotes":""},"categories":[1],"tags":[],"class_list":["post-76","post","type-post","status-publish","format-standard","hentry","category-actualite"],"_links":{"self":[{"href":"https:\/\/blog.reservoirimmo.fr\/index.php\/wp-json\/wp\/v2\/posts\/76","targetHints":{"allow":["GET"]}}],"collection":[{"href":"https:\/\/blog.reservoirimmo.fr\/index.php\/wp-json\/wp\/v2\/posts"}],"about":[{"href":"https:\/\/blog.reservoirimmo.fr\/index.php\/wp-json\/wp\/v2\/types\/post"}],"author":[{"embeddable":true,"href":"https:\/\/blog.reservoirimmo.fr\/index.php\/wp-json\/wp\/v2\/users\/1"}],"replies":[{"embeddable":true,"href":"https:\/\/blog.reservoirimmo.fr\/index.php\/wp-json\/wp\/v2\/comments?post=76"}],"version-history":[{"count":4,"href":"https:\/\/blog.reservoirimmo.fr\/index.php\/wp-json\/wp\/v2\/posts\/76\/revisions"}],"predecessor-version":[{"id":85,"href":"https:\/\/blog.reservoirimmo.fr\/index.php\/wp-json\/wp\/v2\/posts\/76\/revisions\/85"}],"wp:attachment":[{"href":"https:\/\/blog.reservoirimmo.fr\/index.php\/wp-json\/wp\/v2\/media?parent=76"}],"wp:term":[{"taxonomy":"category","embeddable":true,"href":"https:\/\/blog.reservoirimmo.fr\/index.php\/wp-json\/wp\/v2\/categories?post=76"},{"taxonomy":"post_tag","embeddable":true,"href":"https:\/\/blog.reservoirimmo.fr\/index.php\/wp-json\/wp\/v2\/tags?post=76"}],"curies":[{"name":"wp","href":"https:\/\/api.w.org\/{rel}","templated":true}]}}