{"id":107,"date":"2026-01-02T14:25:15","date_gmt":"2026-01-02T14:25:15","guid":{"rendered":"https:\/\/blog.reservoirimmo.fr\/?p=107"},"modified":"2026-01-02T14:41:28","modified_gmt":"2026-01-02T14:41:28","slug":"bonne-nouvelle-pour-votre-dpe","status":"publish","type":"post","link":"https:\/\/blog.reservoirimmo.fr\/index.php\/2026\/01\/02\/bonne-nouvelle-pour-votre-dpe\/","title":{"rendered":"BONNE NOUVELLE POUR VOTRE DPE !"},"content":{"rendered":"\n<p>le P\u00e8re No\u00ebl est pass\u00e9 cette ann\u00e9e pour votre DPE.&nbsp;<\/p>\n\n\n\n<p>En effet, \u00e0 partir du 1er janvier 2026, le Diagnostic de performance \u00e9nerg\u00e9tique (DPE) conna\u00eet une \u00e9volution majeure, la r\u00e9forme entra\u00eene un <strong>reclassement \u00e9nerg\u00e9tique favorable <\/strong>important pour de nombreux logements.&nbsp;<\/p>\n\n\n\n<p>Plusieurs millions de logements sont concern\u00e9s et vont voir leurs notes de DPE remont\u00e9s sans nouvelle intervention d&rsquo;un diagnostiqueur.<\/p>\n\n\n\n<p>En effet, il suffit de se rendre sur le site de l&rsquo;ADEME et de rechercher le DPE qui a \u00e9t\u00e9 fait pour son logement et le syst\u00e8me va vous permettre de sortir un nouveau DPE actualis\u00e9.&nbsp;<\/p>\n\n\n\n<p>C&rsquo;est encore No\u00ebl pour beaucoup d&rsquo;entre nous ! Voici le lien vers le site de l&rsquo;ADEME <a href=\"https:\/\/observatoire-dpe-audit.ademe.fr\/accueil\">https:\/\/observatoire-dpe-audit.ademe.fr\/accueil<\/a><\/p>\n\n\n\n<figure class=\"wp-block-image size-full\"><img loading=\"lazy\" decoding=\"async\" width=\"1024\" height=\"1024\" src=\"https:\/\/blog.reservoirimmo.fr\/wp-content\/uploads\/2026\/01\/DPE-SYMPA.jpg\" alt=\"\" class=\"wp-image-110\" srcset=\"https:\/\/blog.reservoirimmo.fr\/wp-content\/uploads\/2026\/01\/DPE-SYMPA.jpg 1024w, https:\/\/blog.reservoirimmo.fr\/wp-content\/uploads\/2026\/01\/DPE-SYMPA-300x300.jpg 300w, https:\/\/blog.reservoirimmo.fr\/wp-content\/uploads\/2026\/01\/DPE-SYMPA-150x150.jpg 150w, https:\/\/blog.reservoirimmo.fr\/wp-content\/uploads\/2026\/01\/DPE-SYMPA-768x768.jpg 768w\" sizes=\"auto, (max-width: 1024px) 100vw, 1024px\" \/><\/figure>\n","protected":false},"excerpt":{"rendered":"<p>le P\u00e8re No\u00ebl est pass\u00e9 cette ann\u00e9e pour votre DPE.&nbsp; En effet, \u00e0 partir du 1er janvier 2026, le Diagnostic de performance \u00e9nerg\u00e9tique (DPE) conna\u00eet une \u00e9volution majeure, la r\u00e9forme entra\u00eene un reclassement \u00e9nerg\u00e9tique favorable important pour de nombreux logements.&nbsp; Plusieurs millions de logements sont concern\u00e9s et vont voir leurs notes de DPE remont\u00e9s sans [&hellip;]<\/p>\n","protected":false},"author":1,"featured_media":0,"comment_status":"closed","ping_status":"","sticky":false,"template":"","format":"standard","meta":{"footnotes":""},"categories":[1],"tags":[],"class_list":["post-107","post","type-post","status-publish","format-standard","hentry","category-actualite"],"_links":{"self":[{"href":"https:\/\/blog.reservoirimmo.fr\/index.php\/wp-json\/wp\/v2\/posts\/107","targetHints":{"allow":["GET"]}}],"collection":[{"href":"https:\/\/blog.reservoirimmo.fr\/index.php\/wp-json\/wp\/v2\/posts"}],"about":[{"href":"https:\/\/blog.reservoirimmo.fr\/index.php\/wp-json\/wp\/v2\/types\/post"}],"author":[{"embeddable":true,"href":"https:\/\/blog.reservoirimmo.fr\/index.php\/wp-json\/wp\/v2\/users\/1"}],"replies":[{"embeddable":true,"href":"https:\/\/blog.reservoirimmo.fr\/index.php\/wp-json\/wp\/v2\/comments?post=107"}],"version-history":[{"count":3,"href":"https:\/\/blog.reservoirimmo.fr\/index.php\/wp-json\/wp\/v2\/posts\/107\/revisions"}],"predecessor-version":[{"id":111,"href":"https:\/\/blog.reservoirimmo.fr\/index.php\/wp-json\/wp\/v2\/posts\/107\/revisions\/111"}],"wp:attachment":[{"href":"https:\/\/blog.reservoirimmo.fr\/index.php\/wp-json\/wp\/v2\/media?parent=107"}],"wp:term":[{"taxonomy":"category","embeddable":true,"href":"https:\/\/blog.reservoirimmo.fr\/index.php\/wp-json\/wp\/v2\/categories?post=107"},{"taxonomy":"post_tag","embeddable":true,"href":"https:\/\/blog.reservoirimmo.fr\/index.php\/wp-json\/wp\/v2\/tags?post=107"}],"curies":[{"name":"wp","href":"https:\/\/api.w.org\/{rel}","templated":true}]}}